
{"id":17835,"date":"2021-07-26T09:28:10","date_gmt":"2021-07-26T07:28:10","guid":{"rendered":"https:\/\/www.comercialanma.es\/?p=17835"},"modified":"2021-07-26T09:33:27","modified_gmt":"2021-07-26T07:33:27","slug":"la-fundacion-cruzcampo-convoca-60-becas-para-formar-a-jovenes-en-hosteleria","status":"publish","type":"post","link":"https:\/\/www.comercialanma.es\/?p=17835","title":{"rendered":"La Fundaci\u00f3n Cruzcampo convoca 60 becas para formar a j\u00f3venes en hosteler\u00eda"},"content":{"rendered":"\t\t<div data-elementor-type=\"wp-post\" data-elementor-id=\"17835\" class=\"elementor elementor-17835\" data-elementor-settings=\"[]\">\n\t\t\t\t\t\t<div class=\"elementor-inner\">\n\t\t\t\t\t\t\t<div class=\"elementor-section-wrap\">\n\t\t\t\t\t\t\t<section class=\"elementor-section elementor-top-section elementor-element elementor-element-134bd75b elementor-section-boxed elementor-section-height-default elementor-section-height-default\" data-id=\"134bd75b\" data-element_type=\"section\">\n\t\t\t\t\t\t<div class=\"elementor-container elementor-column-gap-default\">\n\t\t\t\t\t\t\t<div class=\"elementor-row\">\n\t\t\t\t\t<div class=\"elementor-column elementor-col-100 elementor-top-column elementor-element elementor-element-7f7295cd\" data-id=\"7f7295cd\" data-element_type=\"column\">\n\t\t\t<div class=\"elementor-column-wrap elementor-element-populated\">\n\t\t\t\t\t\t\t<div class=\"elementor-widget-wrap\">\n\t\t\t\t\t\t<div class=\"elementor-element elementor-element-5018f288 elementor-widget elementor-widget-text-editor\" data-id=\"5018f288\" data-element_type=\"widget\" data-widget_type=\"text-editor.default\">\n\t\t\t\t<div class=\"elementor-widget-container\">\n\t\t\t\t\t<div class=\"elementor-text-editor elementor-clearfix\"><h4><span style=\"color: #caa462;\"><strong>Cruzcampo, a trav\u00e9s de su Fundaci\u00f3n, ofrece 60 becas de formaci\u00f3n en su Escuela de Hosteler\u00eda a j\u00f3venes entre 18 y 30 a\u00f1os con el objetivo de impulsar su talento y facilitarles oportunidades de empleo en el sector de la hosteler\u00eda.<\/strong><\/span><\/h4><p>La segunda edici\u00f3n de Talento Cruzcampo <strong>arrancar\u00e1 en septiembre y dedicar\u00e1 un a\u00f1o <\/strong>a trabajar en el desarrollo personal y profesional de sus participantes. Para ello, la cervecera <strong>cubrir\u00e1 el 90% del coste de participaci\u00f3n<\/strong> de cada joven admitido en el programa y otorgar\u00e1 <strong>ayudas de alojamiento valoradas<\/strong> en 250\u20ac mensuales para aquellos cuyas residencias habituales no se encuentren en la provincia de Sevilla, donde se celebra la formaci\u00f3n.<\/p><p>Esta ambiciosa iniciativa organizada por la Escuela de Hosteler\u00eda Fundaci\u00f3n Cruzcampo, marca perteneciente a HEINEKEN Espa\u00f1a, acelera la inserci\u00f3n laboral de sus participantes ense\u00f1\u00e1ndoles a desenvolverse como profesionales de la cocina y la sala mediante pr\u00e1ctica diaria ante p\u00fablico real. Pero no solo eso, y es que sus contenidos se dirigen a desarrollar en ellos nuevas capacidades que impulsen el sector respondiendo a sus retos: aprender\u00e1n <strong>gesti\u00f3n de negocios <\/strong>de la mano de profesionales de la hosteler\u00eda en activo, y competencias como la <strong>digitalizaci\u00f3n<\/strong>, la <strong>automatizaci\u00f3n de procesos,<\/strong> la <strong>gesti\u00f3n medioambiental<\/strong> de restaurantes o el <strong>dise\u00f1o de nuevas experiencias gastron\u00f3micas<\/strong>, entre otros ejes principales.<\/p><p>La formaci\u00f3n se celebra en <strong>Factor\u00eda Cruzcampo<\/strong>, el lugar que vio nacer a Cruzcampo en 1904 convertido en un espacio de elaboraci\u00f3n cervecera y celebraci\u00f3n del talento, donde prima la acci\u00f3n social en su apuesta por inspirar a los j\u00f3venes e impulsar la hosteler\u00eda. En \u00e9l se forma a los participantes de los programas de la Fundaci\u00f3n Cruzcampo en un ambiente de <strong>convivencia e intercambio de talentos, que conecta a j\u00f3venes con los maestros cerveceros de Cruzcampo y con hosteleros comprometidos con su sector<\/strong>.<\/p><p><strong>Porque todos tenemos un talento y merecemos una oportunidad, Cruzcampo se vuelca con los j\u00f3venes para ayudarles a descubrir su acento m\u00e1s poderoso,<\/strong> aquello que les define y les hace \u00fanicos. Tras el \u00e9xito de su primera edici\u00f3n, con m\u00e1s de 500 solicitudes y 40 becados que ahora est\u00e1n a punto de comenzar su periodo de pr\u00e1cticas, Cruzcampo refuerza su compromiso social a trav\u00e9s de su Fundaci\u00f3n, lanzando una nueva edici\u00f3n de este programa volcado con la hosteler\u00eda.<\/p><p>Y es que la contrataci\u00f3n en este sector ha crecido un 65% a nivel nacional tras el fin del estado de alarma, y tras poner en marcha el <strong>movimiento social #FUERZABAR<\/strong>, con el que la marca apoya a bares y restaurantes desde el inicio de la crisis originada por el COVID-19, Cruzcampo sigue apostando por una <strong>hosteler\u00eda sostenible y la capacitaci\u00f3n de j\u00f3venes<\/strong> para generar <strong>empleos de calidad en el sector<\/strong>, que respondan a los desaf\u00edos presentes y futuros.<\/p><p><img loading=\"lazy\" class=\"alignnone wp-image-17838 size-large\" src=\"https:\/\/i1.wp.com\/www.comercialanma.es\/wp-content\/uploads\/2021\/07\/Participantes-de-Talento-Cruzcampo-en-el-interior-de-Factori\u0301a-Cruzcampo-2048x1365-1.jpg?resize=885%2C590&#038;ssl=1\" alt=\"\" width=\"885\" height=\"590\" data-recalc-dims=\"1\" srcset=\"https:\/\/i1.wp.com\/www.comercialanma.es\/wp-content\/uploads\/2021\/07\/Participantes-de-Talento-Cruzcampo-en-el-interior-de-Factori\u0301a-Cruzcampo-2048x1365-1.jpg?w=2048&amp;ssl=1 2048w, https:\/\/i1.wp.com\/www.comercialanma.es\/wp-content\/uploads\/2021\/07\/Participantes-de-Talento-Cruzcampo-en-el-interior-de-Factori\u0301a-Cruzcampo-2048x1365-1.jpg?resize=300%2C200&amp;ssl=1 300w, https:\/\/i1.wp.com\/www.comercialanma.es\/wp-content\/uploads\/2021\/07\/Participantes-de-Talento-Cruzcampo-en-el-interior-de-Factori\u0301a-Cruzcampo-2048x1365-1.jpg?resize=1024%2C683&amp;ssl=1 1024w, https:\/\/i1.wp.com\/www.comercialanma.es\/wp-content\/uploads\/2021\/07\/Participantes-de-Talento-Cruzcampo-en-el-interior-de-Factori\u0301a-Cruzcampo-2048x1365-1.jpg?resize=768%2C512&amp;ssl=1 768w, https:\/\/i1.wp.com\/www.comercialanma.es\/wp-content\/uploads\/2021\/07\/Participantes-de-Talento-Cruzcampo-en-el-interior-de-Factori\u0301a-Cruzcampo-2048x1365-1.jpg?resize=1536%2C1024&amp;ssl=1 1536w, https:\/\/i1.wp.com\/www.comercialanma.es\/wp-content\/uploads\/2021\/07\/Participantes-de-Talento-Cruzcampo-en-el-interior-de-Factori\u0301a-Cruzcampo-2048x1365-1.jpg?resize=560%2C373&amp;ssl=1 560w, https:\/\/i1.wp.com\/www.comercialanma.es\/wp-content\/uploads\/2021\/07\/Participantes-de-Talento-Cruzcampo-en-el-interior-de-Factori\u0301a-Cruzcampo-2048x1365-1.jpg?resize=600%2C400&amp;ssl=1 600w, https:\/\/i1.wp.com\/www.comercialanma.es\/wp-content\/uploads\/2021\/07\/Participantes-de-Talento-Cruzcampo-en-el-interior-de-Factori\u0301a-Cruzcampo-2048x1365-1.jpg?resize=64%2C43&amp;ssl=1 64w, https:\/\/i1.wp.com\/www.comercialanma.es\/wp-content\/uploads\/2021\/07\/Participantes-de-Talento-Cruzcampo-en-el-interior-de-Factori\u0301a-Cruzcampo-2048x1365-1.jpg?w=1770&amp;ssl=1 1770w\" sizes=\"(max-width: 885px) 100vw, 885px\" \/><\/p><p><strong><u>IMPULSANDO EL TALENTO JOVEN<\/u><\/strong><\/p><p>Talento Cruzcampo est\u00e1 destinado a <strong>j\u00f3venes de entre 18 y 30 a\u00f1os<\/strong> con mucho acento; chicas y chicos con ganas de desarrollar todo su potencial, su mejor versi\u00f3n. Aquellos que buscan incorporarse al sector compartiendo una gran ambici\u00f3n por desarrollar un perfil profesional que marque la diferencia.<\/p><p>Adem\u00e1s de la formaci\u00f3n pr\u00e1ctica diaria tanto en cocina como en sala, y la incorporaci\u00f3n de contenidos te\u00f3ricos enriquecedores para responder a los retos del sector, Talento Cruzcampo brinda oportunidades a sus participantes conect\u00e1ndoles con la hosteler\u00eda durante su formaci\u00f3n gracias a planes de <strong>mentorizaci\u00f3n y pr\u00e1cticas,<\/strong> con los que comprometidos hosteleros a nivel nacional les dan la mano abri\u00e9ndoles las puertas de sus negocios para ense\u00f1arles a desenvolverse en la operativa real del sector. De este modo, se genera un foro \u00fanico que conecta a diferentes generaciones de hosteleros y enriquece las oportunidades laborales de sus participantes.<\/p><p>Y es que as\u00ed es la plataforma social de Fundaci\u00f3n Cruzcampo: un punto de encuentro donde <strong>el talento ayuda al talento. <\/strong>En su primera edici\u00f3n,<strong> 13 organizaciones y m\u00e1s de 120 profesionales<\/strong> se sumaron a esta red de colaboraci\u00f3n para contribuir al desarrollo personal y profesional de los j\u00f3venes. Talento Cruzcampo cuenta con el apoyo de <strong>Fundaci\u00f3n CEOE, ATA Aut\u00f3nomos y Marcas de Restauraci\u00f3n<\/strong>. Entre otras colaboraciones, destacan m\u00e1s de 50 establecimientos de hosteler\u00eda y organizaciones como <strong>Autismo Sevilla, CEAR, Cruz Roja, DIRCOM, ESIC, Fundaci\u00f3n ISDI, Fundaci\u00f3n Prolibertas, Fundaci\u00f3n Valent\u00edn de Madariaga, Human Age Institute o Secot.<\/strong><\/p><p>El primer paso para formar parte de Talento Cruzcampo es completar la solicitud de beca en fundacioncruzcampo.com. El 100% de los participantes seleccionados disfrutar\u00e1n de esa ayuda de septiembre 2021 a septiembre 2022.<\/p><h4><span style=\"color: #caa462;\">Una gran iniciativa por parte de una gran marca, orgullosos de pertenecer a ella.<br \/><\/span><\/h4><\/div>\n\t\t\t\t<\/div>\n\t\t\t\t<\/div>\n\t\t\t\t\t\t<\/div>\n\t\t\t\t\t<\/div>\n\t\t<\/div>\n\t\t\t\t\t\t\t\t<\/div>\n\t\t\t\t\t<\/div>\n\t\t<\/section>\n\t\t\t\t<section class=\"elementor-section elementor-top-section elementor-element elementor-element-7002438 elementor-section-boxed elementor-section-height-default elementor-section-height-default\" data-id=\"7002438\" data-element_type=\"section\">\n\t\t\t\t\t\t<div class=\"elementor-container elementor-column-gap-default\">\n\t\t\t\t\t\t\t<div class=\"elementor-row\">\n\t\t\t\t\t<div class=\"elementor-column elementor-col-100 elementor-top-column elementor-element elementor-element-0aadaf1\" data-id=\"0aadaf1\" data-element_type=\"column\">\n\t\t\t<div class=\"elementor-column-wrap elementor-element-populated\">\n\t\t\t\t\t\t\t<div class=\"elementor-widget-wrap\">\n\t\t\t\t\t\t<div class=\"elementor-element elementor-element-a966e1e elementor-widget elementor-widget-spacer\" data-id=\"a966e1e\" data-element_type=\"widget\" data-widget_type=\"spacer.default\">\n\t\t\t\t<div class=\"elementor-widget-container\">\n\t\t\t\t\t<div class=\"elementor-spacer\">\n\t\t\t<div class=\"elementor-spacer-inner\"><\/div>\n\t\t<\/div>\n\t\t\t\t<\/div>\n\t\t\t\t<\/div>\n\t\t\t\t\t\t<\/div>\n\t\t\t\t\t<\/div>\n\t\t<\/div>\n\t\t\t\t\t\t\t\t<\/div>\n\t\t\t\t\t<\/div>\n\t\t<\/section>\n\t\t\t\t\t\t<\/div>\n\t\t\t\t\t\t<\/div>\n\t\t\t\t\t<\/div>\n\t\t","protected":false},"excerpt":{"rendered":"<p>Cruzcampo, a trav\u00e9s de su Fundaci\u00f3n, ofrece 60 becas de formaci\u00f3n en su Escuela de Hosteler\u00eda a j\u00f3venes entre 18 y 30 a\u00f1os con el objetivo de impulsar su talento y facilitarles oportunidades de empleo en el sector de la hosteler\u00eda. La segunda edici\u00f3n de Talento Cruzcampo arrancar\u00e1 en septiembre y dedicar\u00e1 un a\u00f1o a &hellip;<\/p>\n","protected":false},"author":2,"featured_media":17836,"comment_status":"closed","ping_status":"open","sticky":false,"template":"","format":"standard","meta":{"spay_email":""},"categories":[670,473],"tags":[80,669],"jetpack_featured_media_url":"https:\/\/i2.wp.com\/www.comercialanma.es\/wp-content\/uploads\/2021\/07\/Participante-Talento-Cruzcampo-y-Maestro-Cervecero.jpg?fit=1800%2C1201&ssl=1","yoast_head":"<!-- This site is optimized with the Yoast SEO plugin v15.9 - https:\/\/yoast.com\/wordpress\/plugins\/seo\/ -->\n<title>La Fundaci\u00f3n Cruzcampo convoca 60 becas para formar a j\u00f3venes en hosteler\u00eda - Comercial de Hosteleria Anma<\/title>\n<meta name=\"robots\" content=\"index, follow, max-snippet:-1, max-image-preview:large, max-video-preview:-1\" \/>\n<link rel=\"canonical\" href=\"https:\/\/www.comercialanma.es\/?p=17835\" \/>\n<meta property=\"og:locale\" content=\"es_ES\" \/>\n<meta property=\"og:type\" content=\"article\" \/>\n<meta property=\"og:title\" content=\"La Fundaci\u00f3n Cruzcampo convoca 60 becas para formar a j\u00f3venes en hosteler\u00eda - Comercial de Hosteleria Anma\" \/>\n<meta property=\"og:description\" content=\"Cruzcampo, a trav\u00e9s de su Fundaci\u00f3n, ofrece 60 becas de formaci\u00f3n en su Escuela de Hosteler\u00eda a j\u00f3venes entre 18 y 30 a\u00f1os con el objetivo de impulsar su talento y facilitarles oportunidades de empleo en el sector de la hosteler\u00eda. La segunda edici\u00f3n de Talento Cruzcampo arrancar\u00e1 en septiembre y dedicar\u00e1 un a\u00f1o a &hellip;\" \/>\n<meta property=\"og:url\" content=\"https:\/\/www.comercialanma.es\/?p=17835\" \/>\n<meta property=\"og:site_name\" content=\"Comercial de Hosteleria Anma\" \/>\n<meta property=\"article:publisher\" content=\"https:\/\/www.facebook.com\/AnmaHosteleria\" \/>\n<meta property=\"article:published_time\" content=\"2021-07-26T07:28:10+00:00\" \/>\n<meta property=\"article:modified_time\" content=\"2021-07-26T07:33:27+00:00\" \/>\n<meta property=\"og:image\" content=\"https:\/\/i2.wp.com\/www.comercialanma.es\/wp-content\/uploads\/2021\/07\/Participante-Talento-Cruzcampo-y-Maestro-Cervecero.jpg?fit=1800%2C1201&#038;ssl=1\" \/>\n\t<meta property=\"og:image:width\" content=\"1800\" \/>\n\t<meta property=\"og:image:height\" content=\"1201\" \/>\n<meta name=\"twitter:card\" content=\"summary_large_image\" \/>\n<meta name=\"twitter:label1\" content=\"Tiempo de lectura\">\n\t<meta name=\"twitter:data1\" content=\"4 minutos\">\n<script type=\"application\/ld+json\" class=\"yoast-schema-graph\">{\"@context\":\"https:\/\/schema.org\",\"@graph\":[{\"@type\":\"Organization\",\"@id\":\"https:\/\/www.comercialanma.es\/#organization\",\"name\":\"Comercial Anma\",\"url\":\"https:\/\/www.comercialanma.es\/\",\"sameAs\":[\"https:\/\/www.facebook.com\/AnmaHosteleria\",\"https:\/\/www.instagram.com\/anmahosteleria\/?hl=es\",\"https:\/\/www.youtube.com\/channel\/UCT2nmn08Ntks0hmpZPnDgCA\"],\"logo\":{\"@type\":\"ImageObject\",\"@id\":\"https:\/\/www.comercialanma.es\/#logo\",\"inLanguage\":\"es\",\"url\":\"https:\/\/i2.wp.com\/www.comercialanma.es\/wp-content\/uploads\/2019\/06\/logo-anma-color.png?fit=247%2C101&ssl=1\",\"width\":247,\"height\":101,\"caption\":\"Comercial Anma\"},\"image\":{\"@id\":\"https:\/\/www.comercialanma.es\/#logo\"}},{\"@type\":\"WebSite\",\"@id\":\"https:\/\/www.comercialanma.es\/#website\",\"url\":\"https:\/\/www.comercialanma.es\/\",\"name\":\"Comercial de Hosteleria Anma\",\"description\":\"\",\"publisher\":{\"@id\":\"https:\/\/www.comercialanma.es\/#organization\"},\"potentialAction\":[{\"@type\":\"SearchAction\",\"target\":\"https:\/\/www.comercialanma.es\/?s={search_term_string}\",\"query-input\":\"required name=search_term_string\"}],\"inLanguage\":\"es\"},{\"@type\":\"ImageObject\",\"@id\":\"https:\/\/www.comercialanma.es\/?p=17835#primaryimage\",\"inLanguage\":\"es\",\"url\":\"https:\/\/i2.wp.com\/www.comercialanma.es\/wp-content\/uploads\/2021\/07\/Participante-Talento-Cruzcampo-y-Maestro-Cervecero.jpg?fit=1800%2C1201&ssl=1\",\"width\":1800,\"height\":1201},{\"@type\":\"WebPage\",\"@id\":\"https:\/\/www.comercialanma.es\/?p=17835#webpage\",\"url\":\"https:\/\/www.comercialanma.es\/?p=17835\",\"name\":\"La Fundaci\\u00f3n Cruzcampo convoca 60 becas para formar a j\\u00f3venes en hosteler\\u00eda - Comercial de Hosteleria Anma\",\"isPartOf\":{\"@id\":\"https:\/\/www.comercialanma.es\/#website\"},\"primaryImageOfPage\":{\"@id\":\"https:\/\/www.comercialanma.es\/?p=17835#primaryimage\"},\"datePublished\":\"2021-07-26T07:28:10+00:00\",\"dateModified\":\"2021-07-26T07:33:27+00:00\",\"breadcrumb\":{\"@id\":\"https:\/\/www.comercialanma.es\/?p=17835#breadcrumb\"},\"inLanguage\":\"es\",\"potentialAction\":[{\"@type\":\"ReadAction\",\"target\":[\"https:\/\/www.comercialanma.es\/?p=17835\"]}]},{\"@type\":\"BreadcrumbList\",\"@id\":\"https:\/\/www.comercialanma.es\/?p=17835#breadcrumb\",\"itemListElement\":[{\"@type\":\"ListItem\",\"position\":1,\"item\":{\"@type\":\"WebPage\",\"@id\":\"https:\/\/www.comercialanma.es\/\",\"url\":\"https:\/\/www.comercialanma.es\/\",\"name\":\"Portada\"}},{\"@type\":\"ListItem\",\"position\":2,\"item\":{\"@type\":\"WebPage\",\"@id\":\"https:\/\/www.comercialanma.es\/?p=17835\",\"url\":\"https:\/\/www.comercialanma.es\/?p=17835\",\"name\":\"La Fundaci\\u00f3n Cruzcampo convoca 60 becas para formar a j\\u00f3venes en hosteler\\u00eda\"}}]},{\"@type\":\"Article\",\"@id\":\"https:\/\/www.comercialanma.es\/?p=17835#article\",\"isPartOf\":{\"@id\":\"https:\/\/www.comercialanma.es\/?p=17835#webpage\"},\"author\":{\"@id\":\"https:\/\/www.comercialanma.es\/#\/schema\/person\/4773bb0d71a14c94879b639214d7fd7e\"},\"headline\":\"La Fundaci\\u00f3n Cruzcampo convoca 60 becas para formar a j\\u00f3venes en hosteler\\u00eda\",\"datePublished\":\"2021-07-26T07:28:10+00:00\",\"dateModified\":\"2021-07-26T07:33:27+00:00\",\"mainEntityOfPage\":{\"@id\":\"https:\/\/www.comercialanma.es\/?p=17835#webpage\"},\"publisher\":{\"@id\":\"https:\/\/www.comercialanma.es\/#organization\"},\"image\":{\"@id\":\"https:\/\/www.comercialanma.es\/?p=17835#primaryimage\"},\"keywords\":\"Cerveza,Heineken\",\"articleSection\":\"Cerveza,Novedades\",\"inLanguage\":\"es\"},{\"@type\":\"Person\",\"@id\":\"https:\/\/www.comercialanma.es\/#\/schema\/person\/4773bb0d71a14c94879b639214d7fd7e\",\"name\":\"Anma\",\"image\":{\"@type\":\"ImageObject\",\"@id\":\"https:\/\/www.comercialanma.es\/#personlogo\",\"inLanguage\":\"es\",\"url\":\"https:\/\/secure.gravatar.com\/avatar\/b29cbf82f67301a49d9965063490983a?s=96&d=mm&r=g\",\"caption\":\"Anma\"}}]}<\/script>\n<!-- \/ Yoast SEO plugin. -->","_links":{"self":[{"href":"https:\/\/www.comercialanma.es\/index.php?rest_route=\/wp\/v2\/posts\/17835"}],"collection":[{"href":"https:\/\/www.comercialanma.es\/index.php?rest_route=\/wp\/v2\/posts"}],"about":[{"href":"https:\/\/www.comercialanma.es\/index.php?rest_route=\/wp\/v2\/types\/post"}],"author":[{"embeddable":true,"href":"https:\/\/www.comercialanma.es\/index.php?rest_route=\/wp\/v2\/users\/2"}],"replies":[{"embeddable":true,"href":"https:\/\/www.comercialanma.es\/index.php?rest_route=%2Fwp%2Fv2%2Fcomments&post=17835"}],"version-history":[{"count":4,"href":"https:\/\/www.comercialanma.es\/index.php?rest_route=\/wp\/v2\/posts\/17835\/revisions"}],"predecessor-version":[{"id":17841,"href":"https:\/\/www.comercialanma.es\/index.php?rest_route=\/wp\/v2\/posts\/17835\/revisions\/17841"}],"wp:featuredmedia":[{"embeddable":true,"href":"https:\/\/www.comercialanma.es\/index.php?rest_route=\/wp\/v2\/media\/17836"}],"wp:attachment":[{"href":"https:\/\/www.comercialanma.es\/index.php?rest_route=%2Fwp%2Fv2%2Fmedia&parent=17835"}],"wp:term":[{"taxonomy":"category","embeddable":true,"href":"https:\/\/www.comercialanma.es\/index.php?rest_route=%2Fwp%2Fv2%2Fcategories&post=17835"},{"taxonomy":"post_tag","embeddable":true,"href":"https:\/\/www.comercialanma.es\/index.php?rest_route=%2Fwp%2Fv2%2Ftags&post=17835"}],"curies":[{"name":"wp","href":"https:\/\/api.w.org\/{rel}","templated":true}]}}